{"id":3245,"date":"2025-03-28T11:22:06","date_gmt":"2025-03-28T11:22:06","guid":{"rendered":"https:\/\/jouvoli.io\/?p=3245"},"modified":"2025-03-28T11:22:23","modified_gmt":"2025-03-28T11:22:23","slug":"a-big-thank-you-to-nim-for-the-invitation-to-the-distinguished-speakers-lecture-with-dr-mariana-mazzucato-%f0%9f%99%8f","status":"publish","type":"post","link":"https:\/\/jouvoli.io\/pt\/2025\/03\/28\/a-big-thank-you-to-nim-for-the-invitation-to-the-distinguished-speakers-lecture-with-dr-mariana-mazzucato-%f0%9f%99%8f\/","title":{"rendered":"Um grande obrigado ao NIM pelo convite para a Palestra dos Distintos Oradores com a Prof. Dra. Mariana Mazzucato! \ud83d\ude4f"},"content":{"rendered":"<p>Foi verdadeiramente inspirador ouvir como uma abordagem orientada para a miss\u00e3o da din\u00e2mica da procura pode remodelar o crescimento e a competitividade na Europa. As ideias do Prof. Dr. Mazzucato sobre o alinhamento das pol\u00edticas p\u00fablicas, a inova\u00e7\u00e3o do sector privado e os objectivos sociais para impulsionar um crescimento econ\u00f3mico sustent\u00e1vel e \u00e9tico foram de abrir os olhos. \ud83c\udf0d<\/p>\n\n\n\n<p>Na Jouvoli, estamos entusiasmados por levar estas ideias para a frente \u00e0 medida que continuamos a desenvolver solu\u00e7\u00f5es inovadoras de gest\u00e3o de energia que capacitam as empresas a operar de forma mais eficiente e sustent\u00e1vel. Eventos como este lembram-nos como a inova\u00e7\u00e3o e o crescimento respons\u00e1vel andam de m\u00e3os dadas. Obrigado por um excelente evento e discuss\u00f5es instigantes! \ud83d\udc4f<\/p>\n\n\n\n<p>#Inova\u00e7\u00e3o #Tecnologia #Energia #Futuro #Sustentabilidade #FuturoDaEconomia #MissionDriven #NIM #Jouvoli<\/p>\n\n\n\n<p><\/p>","protected":false},"excerpt":{"rendered":"<p>Foi verdadeiramente inspirador ouvir como uma abordagem orientada para a miss\u00e3o da din\u00e2mica da procura pode remodelar o crescimento e a competitividade na Europa. As ideias do Prof. Dr. Mazzucato sobre o alinhamento das pol\u00edticas p\u00fablicas, a inova\u00e7\u00e3o do sector privado e os objectivos sociais para impulsionar um crescimento econ\u00f3mico sustent\u00e1vel e \u00e9tico foram de abrir os olhos. \ud83c\udf0d Na Jouvoli, estamos entusiasmados por levar estas ideias por diante como [&hellip;]<\/p>","protected":false},"author":5,"featured_media":3246,"comment_status":"open","ping_status":"open","sticky":false,"template":"","format":"standard","meta":{"_angie_page":false,"page_builder":"","footnotes":""},"categories":[32],"tags":[59,81,79,49,78,77,55,82],"class_list":["post-3245","post","type-post","status-publish","format-standard","has-post-thumbnail","hentry","category-events","tag-energy","tag-future","tag-futureofeconomy","tag-innovation","tag-missiondriven","tag-nim","tag-sustainability","tag-technology"],"_links":{"self":[{"href":"https:\/\/jouvoli.io\/pt\/wp-json\/wp\/v2\/posts\/3245","targetHints":{"allow":["GET"]}}],"collection":[{"href":"https:\/\/jouvoli.io\/pt\/wp-json\/wp\/v2\/posts"}],"about":[{"href":"https:\/\/jouvoli.io\/pt\/wp-json\/wp\/v2\/types\/post"}],"author":[{"embeddable":true,"href":"https:\/\/jouvoli.io\/pt\/wp-json\/wp\/v2\/users\/5"}],"replies":[{"embeddable":true,"href":"https:\/\/jouvoli.io\/pt\/wp-json\/wp\/v2\/comments?post=3245"}],"version-history":[{"count":2,"href":"https:\/\/jouvoli.io\/pt\/wp-json\/wp\/v2\/posts\/3245\/revisions"}],"predecessor-version":[{"id":3248,"href":"https:\/\/jouvoli.io\/pt\/wp-json\/wp\/v2\/posts\/3245\/revisions\/3248"}],"wp:featuredmedia":[{"embeddable":true,"href":"https:\/\/jouvoli.io\/pt\/wp-json\/wp\/v2\/media\/3246"}],"wp:attachment":[{"href":"https:\/\/jouvoli.io\/pt\/wp-json\/wp\/v2\/media?parent=3245"}],"wp:term":[{"taxonomy":"category","embeddable":true,"href":"https:\/\/jouvoli.io\/pt\/wp-json\/wp\/v2\/categories?post=3245"},{"taxonomy":"post_tag","embeddable":true,"href":"https:\/\/jouvoli.io\/pt\/wp-json\/wp\/v2\/tags?post=3245"}],"curies":[{"name":"wp","href":"https:\/\/api.w.org\/{rel}","templated":true}]}}