{"id":3245,"date":"2025-03-28T11:22:06","date_gmt":"2025-03-28T11:22:06","guid":{"rendered":"https:\/\/jouvoli.io\/?p=3245"},"modified":"2025-03-28T11:22:23","modified_gmt":"2025-03-28T11:22:23","slug":"a-big-thank-you-to-nim-for-the-invitation-to-the-distinguished-speakers-lecture-with-dr-mariana-mazzucato-%f0%9f%99%8f","status":"publish","type":"post","link":"https:\/\/jouvoli.io\/es\/2025\/03\/28\/a-big-thank-you-to-nim-for-the-invitation-to-the-distinguished-speakers-lecture-with-dr-mariana-mazzucato-%f0%9f%99%8f\/","title":{"rendered":"\u00a1Un gran agradecimiento al NIM por la invitaci\u00f3n a la Distinguished Speakers Lecture con la Prof. Dra. Mariana Mazzucato! \ud83d\ude4f"},"content":{"rendered":"<p>Fue realmente inspirador escuchar c\u00f3mo un enfoque de la din\u00e1mica de la demanda impulsado por la misi\u00f3n puede remodelar el crecimiento y la competitividad en Europa. Las ideas del Prof. Dr. Mazzucato sobre la alineaci\u00f3n de las pol\u00edticas p\u00fablicas, la innovaci\u00f3n del sector privado y los objetivos sociales para impulsar un crecimiento econ\u00f3mico sostenible y \u00e9tico fueron reveladoras. \ud83c\udf0d<\/p>\n\n\n\n<p>En Jouvoli, nos entusiasma llevar adelante estas ideas mientras seguimos desarrollando soluciones innovadoras de gesti\u00f3n de la energ\u00eda que permitan a las empresas operar de forma m\u00e1s eficiente y sostenible. Eventos como este nos recuerdan que la innovaci\u00f3n y el crecimiento responsable van de la mano. \u00a1Gracias por un evento excelente y unos debates que invitan a la reflexi\u00f3n! \ud83d\udc4f<\/p>\n\n\n\n<p>#Innovaci\u00f3n #Tecnolog\u00eda #Energ\u00eda #Futuro #Sostenibilidad #FuturoDeLaEconom\u00eda #MissionDriven #NIM #Jouvoli<\/p>\n\n\n\n<p><\/p>","protected":false},"excerpt":{"rendered":"<p>Fue realmente inspirador escuchar c\u00f3mo un enfoque de la din\u00e1mica de la demanda impulsado por la misi\u00f3n puede remodelar el crecimiento y la competitividad en Europa. Las ideas del Prof. Dr. Mazzucato sobre la alineaci\u00f3n de las pol\u00edticas p\u00fablicas, la innovaci\u00f3n del sector privado y los objetivos sociales para impulsar un crecimiento econ\u00f3mico sostenible y \u00e9tico fueron reveladoras. \ud83c\udf0d En Jouvoli, estamos entusiasmados por llevar adelante estas ideas como [&hellip;]<\/p>","protected":false},"author":5,"featured_media":3246,"comment_status":"open","ping_status":"open","sticky":false,"template":"","format":"standard","meta":{"_angie_page":false,"page_builder":"","footnotes":""},"categories":[32],"tags":[59,81,79,49,78,77,55,82],"class_list":["post-3245","post","type-post","status-publish","format-standard","has-post-thumbnail","hentry","category-events","tag-energy","tag-future","tag-futureofeconomy","tag-innovation","tag-missiondriven","tag-nim","tag-sustainability","tag-technology"],"_links":{"self":[{"href":"https:\/\/jouvoli.io\/es\/wp-json\/wp\/v2\/posts\/3245","targetHints":{"allow":["GET"]}}],"collection":[{"href":"https:\/\/jouvoli.io\/es\/wp-json\/wp\/v2\/posts"}],"about":[{"href":"https:\/\/jouvoli.io\/es\/wp-json\/wp\/v2\/types\/post"}],"author":[{"embeddable":true,"href":"https:\/\/jouvoli.io\/es\/wp-json\/wp\/v2\/users\/5"}],"replies":[{"embeddable":true,"href":"https:\/\/jouvoli.io\/es\/wp-json\/wp\/v2\/comments?post=3245"}],"version-history":[{"count":2,"href":"https:\/\/jouvoli.io\/es\/wp-json\/wp\/v2\/posts\/3245\/revisions"}],"predecessor-version":[{"id":3248,"href":"https:\/\/jouvoli.io\/es\/wp-json\/wp\/v2\/posts\/3245\/revisions\/3248"}],"wp:featuredmedia":[{"embeddable":true,"href":"https:\/\/jouvoli.io\/es\/wp-json\/wp\/v2\/media\/3246"}],"wp:attachment":[{"href":"https:\/\/jouvoli.io\/es\/wp-json\/wp\/v2\/media?parent=3245"}],"wp:term":[{"taxonomy":"category","embeddable":true,"href":"https:\/\/jouvoli.io\/es\/wp-json\/wp\/v2\/categories?post=3245"},{"taxonomy":"post_tag","embeddable":true,"href":"https:\/\/jouvoli.io\/es\/wp-json\/wp\/v2\/tags?post=3245"}],"curies":[{"name":"wp","href":"https:\/\/api.w.org\/{rel}","templated":true}]}}